{"id":27,"date":"2007-01-10T23:00:28","date_gmt":"2007-01-10T22:00:28","guid":{"rendered":"https:\/\/weik.de\/cms\/2007\/01\/10\/apple-keynote-und-office-2008\/"},"modified":"2019-09-13T11:05:55","modified_gmt":"2019-09-13T09:05:55","slug":"apple-keynote-und-office-2008","status":"publish","type":"post","link":"https:\/\/weik.de\/cms\/2007\/01\/10\/apple-keynote-und-office-2008\/","title":{"rendered":"Apple Keynote und Office 2008"},"content":{"rendered":"<p>Gestern war es so weit, die gro\u00dfe Apple Show in San Francisco. Meine Kollegen (allesamt Windows J\u00fcnger \ud83d\ude42 ) sind vom iPhone begeistert. Schau mal einer an. Ich selbst war etwas entt\u00e4uscht, denn ich habe eher was zu Leopard (Mac OS X 10.5) erwartet.<br \/>\nViel besser fand ich den <a href=\"http:\/\/www.maclife.de\/index.php?module=pagesetter&#038;func=viewpub&#038;tid=1&#038;pid=2253\" target=\"_blank\" rel=\"noopener noreferrer\">Artikel zu Office 2008 auf maclife.de<\/a>, denn Microsoft will ein Office f\u00fcr Intel Macs bringen. Auf den ersten Blick sieht es wie das aktuelle Office 2007 f\u00fcr Windows aus, aber es hat noch eine Men\u00fcleiste! Auf allen Screenshots ist oben, Mac typisch, eine komplette Men\u00fcleiste zusehen. Das vermisse ich unter Office 2007 auf meinen Windowsrechner (Vista und XP professional) in der Firma sehr.<br \/>\nJetzt scheint der mac sogar die bessere Plattform f\u00fcr Microsoft Office zu werden\/sein :-).<\/p>\n","protected":false},"excerpt":{"rendered":"<p>Gestern war es so weit, die gro\u00dfe Apple Show in San Francisco. Meine Kollegen (allesamt Windows J\u00fcnger \ud83d\ude42 ) sind vom iPhone begeistert. Schau mal &hellip;<\/p>\n","protected":false},"author":4,"featured_media":0,"comment_status":"closed","ping_status":"closed","sticky":false,"template":"","format":"standard","meta":{"footnotes":""},"categories":[5],"tags":[],"class_list":["post-27","post","type-post","status-publish","format-standard","hentry","category-mac"],"_links":{"self":[{"href":"https:\/\/weik.de\/cms\/wp-json\/wp\/v2\/posts\/27","targetHints":{"allow":["GET"]}}],"collection":[{"href":"https:\/\/weik.de\/cms\/wp-json\/wp\/v2\/posts"}],"about":[{"href":"https:\/\/weik.de\/cms\/wp-json\/wp\/v2\/types\/post"}],"author":[{"embeddable":true,"href":"https:\/\/weik.de\/cms\/wp-json\/wp\/v2\/users\/4"}],"replies":[{"embeddable":true,"href":"https:\/\/weik.de\/cms\/wp-json\/wp\/v2\/comments?post=27"}],"version-history":[{"count":0,"href":"https:\/\/weik.de\/cms\/wp-json\/wp\/v2\/posts\/27\/revisions"}],"wp:attachment":[{"href":"https:\/\/weik.de\/cms\/wp-json\/wp\/v2\/media?parent=27"}],"wp:term":[{"taxonomy":"category","embeddable":true,"href":"https:\/\/weik.de\/cms\/wp-json\/wp\/v2\/categories?post=27"},{"taxonomy":"post_tag","embeddable":true,"href":"https:\/\/weik.de\/cms\/wp-json\/wp\/v2\/tags?post=27"}],"curies":[{"name":"wp","href":"https:\/\/api.w.org\/{rel}","templated":true}]}}