{"id":47,"date":"2007-07-01T20:00:52","date_gmt":"2007-07-01T19:00:52","guid":{"rendered":"https:\/\/weik.de\/cms\/2007\/07\/01\/casio-qv-5700-zu-verkaufen\/"},"modified":"2019-09-13T11:05:55","modified_gmt":"2019-09-13T09:05:55","slug":"casio-qv-5700-zu-verkaufen","status":"publish","type":"post","link":"https:\/\/weik.de\/cms\/2007\/07\/01\/casio-qv-5700-zu-verkaufen\/","title":{"rendered":"Casio QV-5700 verkauft (war zu verkaufen)"},"content":{"rendered":"<p><a href=\"https:\/\/weik.de\/cms\/wp-attachements\/2007\/07\/cimg3103.JPG\" title='Casio QV 5700 - Vorn'><img align=\"left\" src='https:\/\/weik.de\/cms\/wp-attachements\/2007\/07\/CIMG3103.thumbnail.JPG' alt='Casio QV 5700 - Vorn' \/><\/a>Demn\u00e4chst kommt meine Casio QV 5700 Kamera in ein Auktionshaus. Wer Interesse daran hat, kann mir ja mal ein Angebot unterbreiten. Die Kamera habe ich am 05.07.2003 f\u00fcr 499,&#8211; \u20ac im Saturn Mainz gekauft. Seitdem hat die Kamera ca. 3700 Bilder gemacht. Die Kamera wird in Originalverpackung mit dem gesamten Zubeh\u00f6r angeboten. Neben der Standard CF Speicherkarte mit 16MB von Casio, lege ich noch eine 256MB Speicherkarte dem Pakte bei, denn damit kann man 97 Bilder statt nur 6 in gr\u00f6\u00dfter Aufl\u00f6sung und bester Qualit\u00e4t machen. Dar\u00fcber hinaus lege ich Den Adapterring von Raynox und einen Skylight Filter dazu. Damit habe ich das Objektiv und die Kamera immer gesch\u00fctzt, wenn ich damit unterwegs war. Des weiteren wird das Verbindungskabel hinzugelegt, mit dem man die Kamera vom PC oder einem Palm Organizer fernsteuern kann. Die Software zur Fernsteuerung kann man sich im Internet herunterladen (siehe <a href=\"\/cms\/2007\/07\/01\/casio-qv-5700-zu-verkaufen\/#weblinks\">hier<\/a>)<br \/>\nSeit August 2005 habe ich aber fast ausschlie\u00dflich mit meiner Casio Exilim fotografiert, sodass die Kamera seitdem die meiste Zeit in der Vitrine gelegen hat.<br \/>\n<!--more--><br \/>\nBilder der Kamera:<br \/>\n<a href='https:\/\/weik.de\/cms\/wp-attachements\/2007\/07\/cimg3094.JPG' title='Casio QV 5700 - Vorn'><img src='https:\/\/weik.de\/cms\/wp-attachements\/2007\/07\/CIMG3094.thumbnail.JPG' alt='Casio QV 5700 - Vorn' \/><\/a><br \/>\n<a href='https:\/\/weik.de\/cms\/wp-attachements\/2007\/07\/cimg3102.JPG' title='Casio QV 5700 - Vorn'><img src='https:\/\/weik.de\/cms\/wp-attachements\/2007\/07\/CIMG3102.thumbnail.JPG' alt='Casio QV 5700 - Vorn mit Filter' \/><\/a><br \/>\n<a href='https:\/\/weik.de\/cms\/wp-attachements\/2007\/07\/cimg3096.JPG' title='Casio QV 5700 - hinten'><img src='https:\/\/weik.de\/cms\/wp-attachements\/2007\/07\/CIMG3096.thumbnail.JPG' alt='Casio QV 5700 - hinten' \/><\/a><br \/>\n<a href='https:\/\/weik.de\/cms\/wp-attachements\/2007\/07\/cimg3092.JPG' title='Lieferumfang'><img src='https:\/\/weik.de\/cms\/wp-attachements\/2007\/07\/CIMG3092.thumbnail.JPG' alt='Lieferumfang' \/><\/a><br \/>\n(Aufgenommen am 01.07.2007 mit Casio Exilim Ex-Z55)<\/p>\n<p>Beispielbilder:<br \/>\n<a href='https:\/\/weik.de\/cms\/wp-attachements\/2007\/07\/07010005.JPG' title='Blumen am Balkon'><img src='https:\/\/weik.de\/cms\/wp-attachements\/2007\/07\/07010005.thumbnail.JPG' alt='Blumen am Balkon' \/><\/a>&nbsp;<a href='https:\/\/weik.de\/cms\/wp-attachements\/2007\/07\/07010008.JPG' title='Rechnung'><img src='https:\/\/weik.de\/cms\/wp-attachements\/2007\/07\/07010008.thumbnail.JPG' alt='Rechnung' \/><\/a><br \/>\n(Aufgenommen am 01.07.2007 mit Casio QV-5700)<\/p>\n<p>Lieferumfang:<\/p>\n<ul><strong>Serie<\/strong> (in Originalverpackung)<\/p>\n<li>Kamera\n<\/li>\n<li>16MB CF Karte (6 Bilder in h\u00f6chster Aufl\u00f6sung und bester Qualit\u00e4t)\n<\/li>\n<li>Nackengurt\n<\/li>\n<li>NiMH 1600mAH Akkus\n<\/li>\n<li>Ladeger\u00e4t\n<\/li>\n<li>USB Kabel\n<\/li>\n<li>Video Kabel\n<\/li>\n<li>Handb\u00fccher (Kamera, Ladeger\u00e4t)\n<\/li>\n<li>Software CD\n<\/li>\n<\/ul>\n<ul><strong>Zubeh\u00f6r<\/strong><\/p>\n<li>256MB CF Karte (97 Bilder in h\u00f6chster Aufl\u00f6sung und bester Qualit\u00e4t)\n<\/li>\n<li>Adapterring 52mm (in Originalverpackung)\n<\/li>\n<li>Skylight UV Filter 52mm (in Originalverpackung)\n<\/li>\n<li>Serielles Steuerungskabel\n<\/li>\n<\/ul>\n<ul><strong>Sonstiges<\/strong><\/p>\n<li>Originalrechnung vom Juli 2003 \u00fcber 499,&#8211; \u20ac<\/li>\n<\/ul>\n<p>Technische Daten:<\/p>\n<table border=1 cellpadding=1 cellspacing=0>\n<tr>\n<td class='small' valign=top><b>Aufzeichnungssystem<\/b><\/td>\n<td class='small' valign=top>JPEG (Exif, Ver. 2.2), PIM (Print Image Matching II), TIFF, DPOF- und DCF-Format Unterst\u00fctzung\n<\/td>\n<\/tr>\n<tr>\n<td class='small' valign=top><b>Aufzeichnungsmedium<\/b><\/td>\n<td class='small' valign=top>CompactFlash Speicherkarte Typ I (16 MB inkl.), CF-Typ II, IBM 340 MB \/ 1 GB Microdrive kompatibel\n<\/td>\n<\/tr>\n<tr>\n<td class='small' valign=top><b>L\u00f6schvorgang<\/b><\/td>\n<td class='small' valign=top>Eine Aufnahme, Ordner, alle Aufnahmen (mit Fotoschutzsicherung)\n<\/td>\n<\/tr>\n<tr>\n<td class='small' valign=top><b>Sensor<\/b><\/td>\n<td class='small' valign=top>1\/1.8 Zoll CCD-Chip (5.000.000 Pixel effektiv, 5.360.000 total)\n<\/td>\n<\/tr>\n<tr>\n<td class='small' valign=top><b>Aufl\u00f6sung<\/b><\/td>\n<td class='small' valign=top>2.560 x 1.920, 2.544 x 1696 (3:2), 1600 x 1200, 1280 x 960, 640 x 480, automatische VGA (640 x 480) Komprimierung f\u00fcr Email Versand, Movie: 320 x 240, max. 30 Sekunden pro Movie<\/p>\n<\/td>\n<\/tr>\n<tr>\n<td class='small' valign=top><b>Farbtiefe<\/b><\/td>\n<td class='small' valign=top>True-Color (24 bit)\n<\/td>\n<\/tr>\n<tr>\n<td class='small' valign=top><b>Objektiv<\/b><\/td>\n<td class='small' valign=top>f=7.0 bis 21.0 mm (entspricht ca. 34-102 mm bei 35 mm Kleinbildkamera), F2.0 &#8211; F2.5, optischer 3x Zoom, Canon-Optik, Adapter f\u00fcr Filter und Vorsatzlinsen mit 58 mm Filtergewinde optional, Stufenloser digitaler 3.2-fach Zoom\n<\/td>\n<\/tr>\n<tr>\n<td class='small' valign=top><b>Blende<\/b><\/td>\n<td class='small' valign=top>F2 \/ 2.3 \/ 2.8 \/ 4 \/ 5.6 \/ 8 automatische \/ manuelle Umschaltung\n<\/td>\n<\/tr>\n<tr>\n<td class='small' valign=top><b>Sch\u00e4rfenbereich<\/b><\/td>\n<td class='small' valign=top>Standard AF: 30 cm &#8211; unendl.\n<\/td>\n<\/tr>\n<tr>\n<td class='small' valign=top><b>Makro<\/b><\/td>\n<td class='small' valign=top>6 cm &#8211; 50 cm (gemessen von der Oberfl\u00e4che des Schutzfilters)\n<\/td>\n<\/tr>\n<tr>\n<td class='small' valign=top><b>Fokus-Modus<\/b><\/td>\n<td class='small' valign=top>Mehrfeld-AF, Spot-AF, manueller Fokus, Makro, unendlich, Mehrfeld-Fokus (9 Felder), digitaler Soft-Fokus, Autofokus-Me\u00dfstrahl\n<\/td>\n<\/tr>\n<tr>\n<td class='small' valign=top><b>Belichtungsmessung<\/b><\/td>\n<td class='small' valign=top> Multi- \/ Spot- \/ Zentrumswert-Belichtungsmessung\n<\/td>\n<\/tr>\n<tr>\n<td class='small' valign=top><b>Belichtungssteuerung<\/b><\/td>\n<td class='small' valign=top> Automatik, Programm-AE \/ Blenden-Priorit\u00e4t-AE \/ Verschlu\u00dfzeit-Priorit\u00e4t-AE \/ manuelle Belichtungssteuerung<\/p>\n<\/td>\n<\/tr>\n<tr>\n<td class='small' valign=top><b>Belichtungskorrektur<\/b><\/td>\n<td class='small' valign=top> -2 bis +2 EV (in Einheiten von 1\/3 EV)\n<\/td>\n<\/tr>\n<tr>\n<td class='small' valign=top><b>Verschluss<\/b><\/td>\n<td class='small' valign=top>elektronisch, mechanisch\n<\/td>\n<\/tr>\n<tr>\n<td class='small' valign=top><b>Verschlusszeiten<\/b><\/td>\n<td class='small' valign=top>60 bis 1 \/ 1000 Sek., Bulb (max. 60 Sek.)\n<\/td>\n<\/tr>\n<tr>\n<td class='small' valign=top><b>Empfindlichkeit<\/b><\/td>\n<td class='small' valign=top>ISO 50 \/ 100 \/ 200 \/ 400 \/ 800\n<\/td>\n<\/tr>\n<tr>\n<td class='small' valign=top><b> Wei\u00dfabgleich<\/b><\/td>\n<td class='small' valign=top>automatisch, manuell (4 Modes), manuelle Umschaltung\n<\/td>\n<\/tr>\n<tr>\n<td class='small' valign=top><b>Selbstausl\u00f6ser<\/b><\/td>\n<td class='small' valign=top>10 Sek. oder 2 Sek. nach Bet\u00e4tigung des Ausl\u00f6sers\n<\/td>\n<\/tr>\n<tr>\n<td class='small' valign=top><b>Men\u00fcsprachen<\/b><\/td>\n<td class='small' valign=top>Deutsch \/ Englisch \/ Franz\u00f6sisch \/ Spanisch \/ Italienisch \/ Japanisch\n<\/td>\n<\/tr>\n<tr>\n<td class='small' valign=top><b>Aufnahmefunktionen<\/b><\/td>\n<td class='small' valign=top>Einzelbild, BESTSHOT*, Selbstausl\u00f6ser, Movie, Panorama, Kontinuierliche Aufnahme, AEB-Aufnahme, Makro *) 5 vorprogrammierte Motiveinstellungen und 100 weitere Motivprogramme von Casio CD zus\u00e4tzlich installierbar; Erstellung eigener BESTSHOT-Programme m\u00f6glich<\/p>\n<\/td>\n<\/tr>\n<tr>\n<td class='small' valign=top><b>Blitz<\/b><\/td>\n<td class='small' valign=top>Auto, Manuell &#8211; Ein, Manuell &#8211; Aus, Red-Eye-Reduction, Externer Blitzanschluss zur Blitzsynchronisation, Synchronisation auf den ersten und zweiten Vorhang\n<\/td>\n<\/tr>\n<tr>\n<td class='small' valign=top><b>Blitzreichweite<\/b><\/td>\n<td class='small' valign=top>0,5 bis ca. 3,0 m\n<\/td>\n<\/tr>\n<tr>\n<td class='small' valign=top><b>Monitor \/ Sucher<\/b><\/td>\n<td class='small' valign=top>neues 1,8 Zoll Hyper Amorphous Silicon TFT Display (HAST, Aktivmatrix), entspiegelt, Farbe, 122.100 Pixel, optischer Sucher mit Dioptrienanpassung\n<\/td>\n<\/tr>\n<tr>\n<td class='small' valign=top><b>Uhr<\/b><\/td>\n<td class='small' valign=top>eingebaute Quartz Digital-Uhr; Datum und Uhrzeit im Bild integriert, automatischer Kalender bis 2049\n<\/td>\n<\/tr>\n<tr>\n<td class='small' valign=top><b> Daten\u00fcbertragung<\/b><\/td>\n<td class='small' valign=top>USB\n<\/td>\n<\/tr>\n<tr>\n<td class='small' valign=top><b>Ein- \/ Ausg\u00e4nge<\/b><\/td>\n<td class='small' valign=top>Digital Out, Video Out (PAL oder NTSC), Netzadapter\n<\/td>\n<\/tr>\n<tr>\n<td class='small' valign=top><b>Spannungsversorgung<\/b><\/td>\n<td class='small' valign=top>Netzadapter, wiederaufladbare NiMH-Batterien oder Batterien (4 Mignon-Alkali- oder Lithiumzellen)\n<\/td>\n<\/tr>\n<tr>\n<td class='small' valign=top><b>Abmessungen<\/b><\/td>\n<td class='small' valign=top>118 x 74,5 x 64,5 mm (B x H xT)<\/p>\n<\/td>\n<\/tr>\n<tr>\n<td class='small' valign=top><b>Gewicht:<\/b><\/td>\n<td class='small' valign=top>ca. 355 g\n<\/td>\n<\/tr>\n<\/table>\n<p>Quelle: <a href=\"http:\/\/www.support.casio-europe.com\/de\/faq\/25\/#648\" target=\"_blank\" rel=\"noopener noreferrer\">Casio Support<\/a>  <\/p>\n<p><a name=\"weblinks\">Links zu der Kamera<\/a><br \/>\nAuf der Casio Webseite:<br \/>\n<a href=\"http:\/\/www.support.casio-europe.com\/de\/faq\/25\/\" target=\"_blank\" rel=\"noopener noreferrer\">Allgemeine FAQ<\/a><\/p>\n<p>Fernsteuerungsssoftware:<br \/>\n<a href=\"http:\/\/www.dicasoft.de\/\" target=\"_blank\" rel=\"noopener noreferrer\">Dica Control<\/a><\/p>\n<p>Allgemeine Informationen:<br \/>\n<a href=\"http:\/\/www.digitalkamera.de\/Info.aspx?InfoMode=1&#038;KameraId=829\" target=\"_blank\" rel=\"noopener noreferrer\">News auf Digitalkamera.de<\/a><br \/>\n<a href=\"http:\/\/www.digitalkamera.de\/Kamera\/Casio\/QV-5700.aspx\" target=\"_blank\" rel=\"noopener noreferrer\">Datenblatt auf Digitalkamera.de<\/a><br \/>\n<a href=\"http:\/\/www.steves-digicams.com\/2003_reviews\/qv5700.html\" target=\"_blank\" rel=\"noopener noreferrer\">Test auf steves-digicams.com<\/a><\/p>\n<p><a href=\"http:\/\/www.dpreview.com\/reviews\/casioqv4000\/\" target=\"_blank\" rel=\"noopener noreferrer\">Test des Vorg\u00e4ngermodells mit 4MP auf dpreview.com<\/a><br \/>\n<a href=\"http:\/\/www.dcresource.com\/reviews\/casio\/qv4000-review\/\" target=\"_blank\" rel=\"noopener noreferrer\">Test des Vorg\u00e4ngermodells mit 4MP auf dcresource.com<\/a><\/p>\n","protected":false},"excerpt":{"rendered":"<p>Demn\u00e4chst kommt meine Casio QV 5700 Kamera in ein Auktionshaus. Wer Interesse daran hat, kann mir ja mal ein Angebot unterbreiten. Die Kamera habe ich &hellip;<\/p>\n","protected":false},"author":4,"featured_media":0,"comment_status":"closed","ping_status":"closed","sticky":false,"template":"","format":"standard","meta":{"footnotes":""},"categories":[21,7,3],"tags":[],"class_list":["post-47","post","type-post","status-publish","format-standard","hentry","category-flohmarkt","category-foto","category-internet"],"_links":{"self":[{"href":"https:\/\/weik.de\/cms\/wp-json\/wp\/v2\/posts\/47","targetHints":{"allow":["GET"]}}],"collection":[{"href":"https:\/\/weik.de\/cms\/wp-json\/wp\/v2\/posts"}],"about":[{"href":"https:\/\/weik.de\/cms\/wp-json\/wp\/v2\/types\/post"}],"author":[{"embeddable":true,"href":"https:\/\/weik.de\/cms\/wp-json\/wp\/v2\/users\/4"}],"replies":[{"embeddable":true,"href":"https:\/\/weik.de\/cms\/wp-json\/wp\/v2\/comments?post=47"}],"version-history":[{"count":0,"href":"https:\/\/weik.de\/cms\/wp-json\/wp\/v2\/posts\/47\/revisions"}],"wp:attachment":[{"href":"https:\/\/weik.de\/cms\/wp-json\/wp\/v2\/media?parent=47"}],"wp:term":[{"taxonomy":"category","embeddable":true,"href":"https:\/\/weik.de\/cms\/wp-json\/wp\/v2\/categories?post=47"},{"taxonomy":"post_tag","embeddable":true,"href":"https:\/\/weik.de\/cms\/wp-json\/wp\/v2\/tags?post=47"}],"curies":[{"name":"wp","href":"https:\/\/api.w.org\/{rel}","templated":true}]}}