{"id":656,"date":"2012-08-21T06:47:40","date_gmt":"2012-08-21T05:47:40","guid":{"rendered":"https:\/\/weik.de\/cms\/?p=656"},"modified":"2019-09-13T11:05:52","modified_gmt":"2019-09-13T09:05:52","slug":"fensterblick-9-und-10","status":"publish","type":"post","link":"https:\/\/weik.de\/cms\/2012\/08\/21\/fensterblick-9-und-10\/","title":{"rendered":"Fensterblick #9 und #10"},"content":{"rendered":"<p>So beginnt der Tag einfach gut.<\/p>\n<div id='gallery-1' class='gallery galleryid-656 gallery-columns-2 gallery-size-thumbnail'><figure class='gallery-item'>\n\t\t\t<div class='gallery-icon landscape'>\n\t\t\t\t<a href='https:\/\/weik.de\/cms\/2012\/08\/21\/fensterblick-9-und-10\/sony-dsc-8\/'><img loading=\"lazy\" decoding=\"async\" width=\"150\" height=\"150\" src=\"https:\/\/weik.de\/cms\/wp-attachements\/2012\/08\/Fensterblick-20120821-630-150x150.jpg\" class=\"attachment-thumbnail size-thumbnail\" alt=\"Fensterblick 21. August 2012 - 6:30 Uhr\" aria-describedby=\"gallery-1-657\" \/><\/a>\n\t\t\t<\/div>\n\t\t\t\t<figcaption class='wp-caption-text gallery-caption' id='gallery-1-657'>\n\t\t\t\tFensterblick 21. August 2012 &#8211;  6:30 Uhr\n\t\t\t\t<\/figcaption><\/figure><figure class='gallery-item'>\n\t\t\t<div class='gallery-icon landscape'>\n\t\t\t\t<a href='https:\/\/weik.de\/cms\/2012\/08\/21\/fensterblick-9-und-10\/sony-dsc-9\/'><img loading=\"lazy\" decoding=\"async\" width=\"150\" height=\"150\" src=\"https:\/\/weik.de\/cms\/wp-attachements\/2012\/08\/Fensterblick-20120821-700-150x150.jpg\" class=\"attachment-thumbnail size-thumbnail\" alt=\"Fensterblick 21. August 2012 - 7:00 Uhr\" aria-describedby=\"gallery-1-658\" \/><\/a>\n\t\t\t<\/div>\n\t\t\t\t<figcaption class='wp-caption-text gallery-caption' id='gallery-1-658'>\n\t\t\t\tFensterblick 21. August 2012 &#8211;  7:00 Uhr\n\t\t\t\t<\/figcaption><\/figure>\n\t\t<\/div>\n\n<p>Heute Morgen beim Aufstehen durfte ich diese wundersch\u00f6ne Nebelwand, die sich gerade aus dem Soonwald in Richtung Rheintal schl\u00e4ngelte bewundern. Das erste Foto habe ich direkt um 6:30 Uhr gemacht und ich dachte schon das war es f\u00fcr heute. Aber dann um 7:00 Uhr musste ich dann doch noch das zweite Foto machen. Wie man sehr sch\u00f6n erkennen kann, vermittelt die aufgehende Sonne einen ganz anderen Eindruck. <\/p>\n","protected":false},"excerpt":{"rendered":"<p>So beginnt der Tag einfach gut. Heute Morgen beim Aufstehen durfte ich diese wundersch\u00f6ne Nebelwand, die sich gerade aus dem Soonwald in Richtung Rheintal schl\u00e4ngelte &hellip;<\/p>\n","protected":false},"author":4,"featured_media":0,"comment_status":"closed","ping_status":"closed","sticky":false,"template":"","format":"gallery","meta":{"footnotes":""},"categories":[1,4,7],"tags":[18],"class_list":["post-656","post","type-post","status-publish","format-gallery","hentry","category-allgemein","category-familie","category-foto","tag-fensterblick","post_format-post-format-gallery"],"_links":{"self":[{"href":"https:\/\/weik.de\/cms\/wp-json\/wp\/v2\/posts\/656","targetHints":{"allow":["GET"]}}],"collection":[{"href":"https:\/\/weik.de\/cms\/wp-json\/wp\/v2\/posts"}],"about":[{"href":"https:\/\/weik.de\/cms\/wp-json\/wp\/v2\/types\/post"}],"author":[{"embeddable":true,"href":"https:\/\/weik.de\/cms\/wp-json\/wp\/v2\/users\/4"}],"replies":[{"embeddable":true,"href":"https:\/\/weik.de\/cms\/wp-json\/wp\/v2\/comments?post=656"}],"version-history":[{"count":0,"href":"https:\/\/weik.de\/cms\/wp-json\/wp\/v2\/posts\/656\/revisions"}],"wp:attachment":[{"href":"https:\/\/weik.de\/cms\/wp-json\/wp\/v2\/media?parent=656"}],"wp:term":[{"taxonomy":"category","embeddable":true,"href":"https:\/\/weik.de\/cms\/wp-json\/wp\/v2\/categories?post=656"},{"taxonomy":"post_tag","embeddable":true,"href":"https:\/\/weik.de\/cms\/wp-json\/wp\/v2\/tags?post=656"}],"curies":[{"name":"wp","href":"https:\/\/api.w.org\/{rel}","templated":true}]}}